{"id":3318,"date":"2022-12-14T18:00:56","date_gmt":"2022-12-14T17:00:56","guid":{"rendered":"https:\/\/www.malherbe-school.com\/?p=3318"},"modified":"2023-01-10T14:15:30","modified_gmt":"2023-01-10T13:15:30","slug":"earth-day-2022","status":"publish","type":"post","link":"https:\/\/www.malherbe-school.com\/fr\/earth-day-2022\/","title":{"rendered":"Jour de la Terre 2022"},"content":{"rendered":"<p>Nous avons termin\u00e9 le trimestre avant les vacances de printemps en c\u00e9l\u00e9brant le Jour de la Terre \ud83c\udf0e \ud83c\udf33 \ud83c\udf31 \ud83c\udf0e dans toute l&rsquo;\u00e9cole !<\/p>\n<p>Les classes de maternelle ont fabriqu\u00e9 de magnifiques fleurs en pots de yaourt recycl\u00e9s \ud83c\udf38 \ud83c\udf3a \ud83d\udc90 Les enfants ont profit\u00e9 d&rsquo;une journ\u00e9e d&rsquo;apprentissage \u00e0 propos de leur belle Terre et comment nous pouvons en prendre soin ! Faire des plantations, trier correctement les d\u00e9chets, recycler, r\u00e9utiliser, \u00e9teindre les lumi\u00e8res, \u00e9conomiser l&rsquo;eau, utiliser des alternatives au plastique, prendre soin de nos animaux, insectes, arbres, abeilles et papillons pour la pollinisation\u2026 et plus encore ! \ud83d\udc1d \ud83c\udf0d\ud83d\ude4f\u2764\ufe0f\ud83d\udc96\ud83e\udd8b<br \/>\n<img fetchpriority=\"high\" decoding=\"async\" class=\"alignnone wp-image-3308\" src=\"https:\/\/www.malherbe-school.com\/wp-content\/uploads\/2022\/04\/Earth-Day-at-MIS-2-300x225.jpg\" alt=\"\" width=\"272\" height=\"204\" srcset=\"https:\/\/www.malherbe-school.com\/wp-content\/uploads\/2022\/04\/Earth-Day-at-MIS-2-300x225.jpg 300w, https:\/\/www.malherbe-school.com\/wp-content\/uploads\/2022\/04\/Earth-Day-at-MIS-2-1024x768.jpg 1024w, https:\/\/www.malherbe-school.com\/wp-content\/uploads\/2022\/04\/Earth-Day-at-MIS-2-768x576.jpg 768w, https:\/\/www.malherbe-school.com\/wp-content\/uploads\/2022\/04\/Earth-Day-at-MIS-2.jpg 1165w\" sizes=\"(max-width: 272px) 100vw, 272px\" \/><\/p>\n<p>Toutes les classes ont pr\u00e9par\u00e9 leurs jardini\u00e8res avec une vari\u00e9t\u00e9 de graines (tomates, fraises, poivrons, fleurs etc\u2026) et ont \u00e9tudi\u00e9 le cycle de vie des plantes.<\/p>\n<p><img decoding=\"async\" class=\"alignnone wp-image-3314\" src=\"https:\/\/www.malherbe-school.com\/wp-content\/uploads\/2022\/04\/Earth-Day-at-MIS-5-226x300.jpg\" alt=\"\" width=\"165\" height=\"219\" srcset=\"https:\/\/www.malherbe-school.com\/wp-content\/uploads\/2022\/04\/Earth-Day-at-MIS-5-226x300.jpg 226w, https:\/\/www.malherbe-school.com\/wp-content\/uploads\/2022\/04\/Earth-Day-at-MIS-5.jpg 651w\" sizes=\"(max-width: 165px) 100vw, 165px\" \/> <img decoding=\"async\" class=\"alignnone size-medium wp-image-3310\" src=\"https:\/\/www.malherbe-school.com\/wp-content\/uploads\/2022\/04\/Earth-Day-at-MIS-3-300x225.jpg\" alt=\"\" width=\"300\" height=\"225\" srcset=\"https:\/\/www.malherbe-school.com\/wp-content\/uploads\/2022\/04\/Earth-Day-at-MIS-3-300x225.jpg 300w, https:\/\/www.malherbe-school.com\/wp-content\/uploads\/2022\/04\/Earth-Day-at-MIS-3-1024x767.jpg 1024w, https:\/\/www.malherbe-school.com\/wp-content\/uploads\/2022\/04\/Earth-Day-at-MIS-3-768x575.jpg 768w, https:\/\/www.malherbe-school.com\/wp-content\/uploads\/2022\/04\/Earth-Day-at-MIS-3.jpg 1162w\" sizes=\"(max-width: 300px) 100vw, 300px\" \/><\/p>\n<div data-test-name=\"storyPostContents\">\n<div><span data-test-name=\"richText\">Le Jour de la Terre a commenc\u00e9 pour les Primaires en explorant tout ce que nous aimons de notre plan\u00e8te.<br \/>\nLes \u00e9l\u00e8ves ont \u00e9xamin\u00e9 les \u00e9cosyst\u00e8mes d\u00e9licats qui contribuent \u00e0 rendre notre plan\u00e8te habitable pour les \u00eatres humains. Ils ont \u00e9tudi\u00e9 les r\u00e9cifs coralliens, les for\u00eats, les abeilles, les papillons et les poissons et comment ils jouent un r\u00f4le vital dans le maintien en bonne sant\u00e9 de notre plan\u00e8te . Les enfants ont r\u00e9fl\u00e9chi ensemble et pris des engagements pour le Jour de la Terre en promettant de faire leur part pour aider notre plan\u00e8te. \u263a\ufe0f\ud83c\udf0d<br \/>\n<\/span><\/div>\n<\/div>\n<div class=\"css-162tvoi\"><\/div>\n<div>Les enfants ont \u00e9galement d\u00e9cid\u00e9 d&rsquo;aller ramasser les d\u00e9ch\u00eats sur les pelouses publiques autour de l&rsquo;\u00e9cole.<\/div>\n<div> <img loading=\"lazy\" decoding=\"async\" class=\"alignnone size-medium wp-image-3312\" src=\"https:\/\/www.malherbe-school.com\/wp-content\/uploads\/2022\/04\/Earth-Day-at-MIS-4-226x300.jpg\" alt=\"\" width=\"226\" height=\"300\" srcset=\"https:\/\/www.malherbe-school.com\/wp-content\/uploads\/2022\/04\/Earth-Day-at-MIS-4-226x300.jpg 226w, https:\/\/www.malherbe-school.com\/wp-content\/uploads\/2022\/04\/Earth-Day-at-MIS-4.jpg 655w\" sizes=\"(max-width: 226px) 100vw, 226px\" \/>  <img loading=\"lazy\" decoding=\"async\" class=\"alignnone size-medium wp-image-3306\" src=\"https:\/\/www.malherbe-school.com\/wp-content\/uploads\/2022\/04\/Earth-Day-at-MIS-1-225x300.jpg\" alt=\"\" width=\"225\" height=\"300\" srcset=\"https:\/\/www.malherbe-school.com\/wp-content\/uploads\/2022\/04\/Earth-Day-at-MIS-1-225x300.jpg 225w, https:\/\/www.malherbe-school.com\/wp-content\/uploads\/2022\/04\/Earth-Day-at-MIS-1.jpg 657w\" sizes=\"(max-width: 225px) 100vw, 225px\" \/><\/div>\n<div><\/div>\n<div>Ce fut une merveilleuse journ\u00e9e d&rsquo;apprentissage et d&rsquo;action pour notre plan\u00e8te ! Merci \u00e0 tous pour votre implication !<\/div>\n","protected":false},"excerpt":{"rendered":"<p>Nous avons termin\u00e9 le trimestre avant les vacances de printemps en c\u00e9l\u00e9brant le Jour de la Terre \ud83c\udf0e \ud83c\udf33 \ud83c\udf31 \ud83c\udf0e dans toute l&rsquo;\u00e9cole ! Les classes de maternelle ont fabriqu\u00e9 de magnifiques fleurs en pots de yaourt recycl\u00e9s \ud83c\udf38 \ud83c\udf3a \ud83d\udc90 Les enfants ont profit\u00e9 d&rsquo;une journ\u00e9e d&rsquo;apprentissage \u00e0 propos de leur belle Terre [&hellip;]<\/p>\n","protected":false},"author":3,"featured_media":3307,"comment_status":"open","ping_status":"open","sticky":false,"template":"","format":"standard","meta":{"footnotes":""},"categories":[11],"tags":[],"class_list":["post-3318","post","type-post","status-publish","format-standard","has-post-thumbnail","hentry","category-non-classifiee"],"_links":{"self":[{"href":"https:\/\/www.malherbe-school.com\/fr\/wp-json\/wp\/v2\/posts\/3318","targetHints":{"allow":["GET"]}}],"collection":[{"href":"https:\/\/www.malherbe-school.com\/fr\/wp-json\/wp\/v2\/posts"}],"about":[{"href":"https:\/\/www.malherbe-school.com\/fr\/wp-json\/wp\/v2\/types\/post"}],"author":[{"embeddable":true,"href":"https:\/\/www.malherbe-school.com\/fr\/wp-json\/wp\/v2\/users\/3"}],"replies":[{"embeddable":true,"href":"https:\/\/www.malherbe-school.com\/fr\/wp-json\/wp\/v2\/comments?post=3318"}],"version-history":[{"count":1,"href":"https:\/\/www.malherbe-school.com\/fr\/wp-json\/wp\/v2\/posts\/3318\/revisions"}],"predecessor-version":[{"id":3707,"href":"https:\/\/www.malherbe-school.com\/fr\/wp-json\/wp\/v2\/posts\/3318\/revisions\/3707"}],"wp:featuredmedia":[{"embeddable":true,"href":"https:\/\/www.malherbe-school.com\/fr\/wp-json\/wp\/v2\/media\/3307"}],"wp:attachment":[{"href":"https:\/\/www.malherbe-school.com\/fr\/wp-json\/wp\/v2\/media?parent=3318"}],"wp:term":[{"taxonomy":"category","embeddable":true,"href":"https:\/\/www.malherbe-school.com\/fr\/wp-json\/wp\/v2\/categories?post=3318"},{"taxonomy":"post_tag","embeddable":true,"href":"https:\/\/www.malherbe-school.com\/fr\/wp-json\/wp\/v2\/tags?post=3318"}],"curies":[{"name":"wp","href":"https:\/\/api.w.org\/{rel}","templated":true}]}}